{"id":954,"date":"2026-03-12T13:24:06","date_gmt":"2026-03-12T13:24:06","guid":{"rendered":"https:\/\/hofmann-andi.de\/wp\/?p=453"},"modified":"2026-03-12T13:24:06","modified_gmt":"2026-03-12T13:24:06","slug":"fotos-20-21","status":"publish","type":"post","link":"https:\/\/www.hofmann-andi.de\/wp\/2026\/03\/12\/fotos-20-21\/","title":{"rendered":"Fotos &#8217;20-21"},"content":{"rendered":"<div >\n<p >2020 hat sich bisher vor allem durch den E-Starter hervorgetan \ud83d\ude09 Ach ja, den Sportstummel habe ich auch montiert, wollte ich schon lange machen. Habe also einen Telefix \u00fcber&#8230; Das mit dem E-Starter ist im <a title=\"Blog\/Blog.html\" href=\"Blog\/Blog.html\">Blog<\/a> ausf\u00fchrlich beschrieben, er verliert mehr und mehr seine Gef\u00e4hrlichkeit&#8230; Dank <a>Rainer<\/a>!<\/p>\n<p ><\/p>\n<p >Ich schau mal, wie sich das Jahr weiter entwickelt, zum Fahren will ich schon mal wieder vermehrt kommen \u2013 in der Coronazeit nat\u00fcrlich nicht so einfach!<\/p>\n<p ><\/p>\n<p ><span >Update 06\/2020:<\/span> Ich habe beschlossen, die <a title=\"Blog\/Eintrage\/2020\/4\/23_Nachwuchs_werben_leicht_gemacht.html\" href=\"Blog\/Eintrage\/2020\/4\/23_Nachwuchs_werben_leicht_gemacht.html\">Blaue<\/a> zu behalten und bin nun dran, auch hier einen E-Starter zu verbauen und die Felgen zu pulvern \u2013 wie im Blog zu lesen. Gefahren bin ich auch schon, sowohl rot als auch blau, aktuell ist aber Regenwetter, also Werkstattwetter.<\/p>\n<p ><\/p>\n<p ><span >Update 07\/2020:<\/span> Mit der Blauen war ich auf dem <a title=\"Moto25-Cup20.html\" href=\"Moto25-Cup20.html\">Moto25<\/a> Cup in Unterlaichling und es war wieder ein wirklich netter Tag. Wie immer gut organisiert und dieses Jahr wieder mit gutem Wetter gesegnet. Die letzten Jahre \u2013 ich war nicht dabei \u2013&nbsp;war es oftmals verregnet bis kacke!<\/p>\n<p ><\/p>\n<p ><span >Update 07\/2021:<\/span> Irre, scho wieder 1 Jahr vorbei. Leider bisher ohne Moto25-Cup, daf\u00fcr aber mit Speichenfelgen und schicken Hebeln und Blinkern. <\/p>\n<\/p><\/div>\n","protected":false},"excerpt":{"rendered":"<p>2020 hat sich bisher vor allem durch den E-Starter hervorgetan \ud83d\ude09 Ach ja, den Sportstummel habe ich auch montiert, wollte ich schon lange machen. Habe also einen Telefix \u00fcber&#8230; Das mit dem E-Starter ist im Blog ausf\u00fchrlich beschrieben, er verliert mehr und mehr seine Gef\u00e4hrlichkeit&#8230; Dank Rainer! Ich schau mal, wie sich das Jahr weiter [&hellip;]<\/p>\n","protected":false},"author":1,"featured_media":0,"comment_status":"open","ping_status":"open","sticky":false,"template":"","format":"standard","meta":{"footnotes":""},"categories":[1],"tags":[],"class_list":["post-954","post","type-post","status-publish","format-standard","hentry","category-allgemein"],"_links":{"self":[{"href":"https:\/\/www.hofmann-andi.de\/wp\/wp-json\/wp\/v2\/posts\/954","targetHints":{"allow":["GET"]}}],"collection":[{"href":"https:\/\/www.hofmann-andi.de\/wp\/wp-json\/wp\/v2\/posts"}],"about":[{"href":"https:\/\/www.hofmann-andi.de\/wp\/wp-json\/wp\/v2\/types\/post"}],"author":[{"embeddable":true,"href":"https:\/\/www.hofmann-andi.de\/wp\/wp-json\/wp\/v2\/users\/1"}],"replies":[{"embeddable":true,"href":"https:\/\/www.hofmann-andi.de\/wp\/wp-json\/wp\/v2\/comments?post=954"}],"version-history":[{"count":0,"href":"https:\/\/www.hofmann-andi.de\/wp\/wp-json\/wp\/v2\/posts\/954\/revisions"}],"wp:attachment":[{"href":"https:\/\/www.hofmann-andi.de\/wp\/wp-json\/wp\/v2\/media?parent=954"}],"wp:term":[{"taxonomy":"category","embeddable":true,"href":"https:\/\/www.hofmann-andi.de\/wp\/wp-json\/wp\/v2\/categories?post=954"},{"taxonomy":"post_tag","embeddable":true,"href":"https:\/\/www.hofmann-andi.de\/wp\/wp-json\/wp\/v2\/tags?post=954"}],"curies":[{"name":"wp","href":"https:\/\/api.w.org\/{rel}","templated":true}]}}